{"id":1380,"date":"2021-12-31T08:05:12","date_gmt":"2021-12-31T00:05:12","guid":{"rendered":"https:\/\/www.atelierauction.com\/globalupdates\/?p=1380"},"modified":"2021-12-29T11:29:50","modified_gmt":"2021-12-29T03:29:50","slug":"10-under-recognized-artists-who-got-their-due-in-2021","status":"publish","type":"post","link":"https:\/\/www.atelierauction.com\/globalupdates\/uncategorized\/10-under-recognized-artists-who-got-their-due-in-2021\/","title":{"rendered":"10 Under-Recognized Artists Who Got Their Due in 2021"},"content":{"rendered":"<p>After June 2020, almost every institution made a declaration that they would\u00a0implement\u00a0changes to become more inclusive. Their promises posed an interesting question: What would happen if museums made a priority of showing works by more artists of color and addressing art history\u2019s lacunae? In other words, would what it look like for museums to do what they were supposed to be doing all along?<\/p>\n<p>The good news is the art history is changing. The bad news is that it\u2019s changing slowly. In 2021, for every survey devoted to a buried giant of the past century, there was, it seemed, another, even bigger one given over to one of art history\u2019s most revered white male artists. This is currently the case this winter at the <a href=\"https:\/\/www.atelierauction.com\/globalupdates\/\">Guggenheim Museum<\/a> in New York, for example, where an Etel Adnan show is awkwardly made to share space with a Wassily Kandinsky survey. Since 2010 alone, the Guggenheim has held seven Kandinsky exhibitions across its various museums. Until 2021, Adnan, who died this year, had never had a New York museum show.<\/p>\n<p>Still, there were overlooked figures who, at long last, got their due in 2021 as museums began to alter their ways. With each of these showcases, whether in the form of standout displays in group shows or as long-overdue retrospectives, these artists shined anew and earned their place in the annals of art history.<\/p>\n<p>Below, a look at 10 artists who emerged from art history\u2019s shadows, thanks to major presentations this year.<\/p>\n<div id=\"pmc-gallery-vertical\">\n<div class=\"c-gallery-vertical\">\n<div class=\"c-gallery-vertical__slides\">\n<div class=\"c-gallery-vertical__slide-wrapper\" data-slide-id=\"1234614271\" data-slide-index=\"0\" data-slide-position-display=\"1\">\n<article class=\"c-gallery-vertical-featured-image\">\n<div class=\"c-gallery-vertical-featured-image__header\">\n<h2 class=\"c-gallery-vertical-featured-image__title\">Pacita Abad<\/h2>\n<\/div>\n<figure class=\"c-gallery-vertical-featured-image__figure c-gallery-slide--loaded c-gallery-vertical-featured-image__figure--loaded\" role=\"presentation\"><img loading=\"lazy\" decoding=\"async\" class=\"c-gallery-vertical-featured-image__image u-gallery-react-placeholder-shimmer aligncenter\" src=\"https:\/\/www.artnews.com\/wp-content\/uploads\/2021\/04\/Pacita-Abad-MCAD-1.jpg?w=800\" sizes=\"auto, (max-width: 414px) 414px, (max-width: 1024px) 800px, (max-width: 1440px) 1024px, (max-width: 2560px) 1024px\" srcset=\"https:\/\/www.artnews.com\/wp-content\/uploads\/2021\/04\/Pacita-Abad-MCAD-1.jpg?w=320 320w, https:\/\/www.artnews.com\/wp-content\/uploads\/2021\/04\/Pacita-Abad-MCAD-1.jpg?w=640 640w, https:\/\/www.artnews.com\/wp-content\/uploads\/2021\/04\/Pacita-Abad-MCAD-1.jpg?w=800 800w, https:\/\/www.artnews.com\/wp-content\/uploads\/2021\/04\/Pacita-Abad-MCAD-1.jpg?w=1024 1024w, https:\/\/www.artnews.com\/wp-content\/uploads\/2021\/04\/Pacita-Abad-MCAD-1.jpg?w=1200 1200w\" alt=\"Several richly hued abstractions hang from the ceiling in an empty gallery space.\" width=\"920\" height=\"575\" \/><\/p>\n<div class=\"c-gallery-vertical-featured-image__share-icons\" style=\"text-align: center;\">A 2018 survey of Pacita Abad&#8217;s work at the Museum of Contemporary Art and Design in Manila.<\/div>\n<div class=\"c-gallery-vertical-featured-image__share-icons\" style=\"text-align: center;\"><span class=\"c-gallery-vertical-slide__photo-credit-text\">Photo<\/span><span class=\"c-gallery-vertical-slide__colon\">\u00a0:\u00a0<\/span><span class=\"c-gallery-vertical-slide__photo-credit\">Courtesy Pacita Abad Estate\/Photo Pioneer Studios<\/span><\/div>\n<\/figure>\n<div class=\"c-gallery-vertical-featured-image__description\">\n<p><a href=\"https:\/\/www.atelierauction.com\/globalupdates\/\">Pacita Abad<\/a>, who died in 2004 at age 58, has been a cult favorite for a while for her paintings made using a technique she called\u00a0<em>trapunto<\/em>, which involved texturing her canvases about the immigrant experience by stitching them and stuffing them. Praised within certain circles for her innovative combinations of craft and fine-art styles, and for her depictions of communities that often go invisible, the Filipina artist has been the subject of several posthumous surveys. One arrived in Dubai this fall when the Jameel Arts Centre opened a concise exhibition of her rich paintings. Curated by Nora Razian, that show was considerably smaller than one planned for 2023 at the Walker Art Center in Minneapolis, but it still attested to the fact that Abad had been overlooked for far too long.<\/p>\n<\/div>\n<\/article>\n<\/div>\n<div class=\"c-gallery-vertical__slide-wrapper\" data-slide-id=\"1234614291\" data-slide-index=\"1\" data-slide-position-display=\"2\">\n<article class=\"c-gallery-vertical-featured-image\">\n<div class=\"c-gallery-vertical-featured-image__header\">\n<h2 class=\"c-gallery-vertical-featured-image__title\">Alma Thomas<\/h2>\n<\/div>\n<figure class=\"c-gallery-vertical-featured-image__figure c-gallery-slide--loaded c-gallery-vertical-featured-image__figure--loaded\" role=\"presentation\"><img loading=\"lazy\" decoding=\"async\" class=\"c-gallery-vertical-featured-image__image u-gallery-react-placeholder-shimmer aligncenter\" src=\"https:\/\/www.artnews.com\/wp-content\/uploads\/2021\/07\/Thomas_PR_01_Breeze.Rustling.Through.Fall_.Flowers.jpg?w=520\" sizes=\"auto, (max-width: 414px) 414px, (max-width: 1024px) 665px, (max-width: 1440px) 665px, (max-width: 2560px) 665px\" srcset=\"https:\/\/www.artnews.com\/wp-content\/uploads\/2021\/07\/Thomas_PR_01_Breeze.Rustling.Through.Fall_.Flowers.jpg?w=208 208w, https:\/\/www.artnews.com\/wp-content\/uploads\/2021\/07\/Thomas_PR_01_Breeze.Rustling.Through.Fall_.Flowers.jpg?w=416 416w, https:\/\/www.artnews.com\/wp-content\/uploads\/2021\/07\/Thomas_PR_01_Breeze.Rustling.Through.Fall_.Flowers.jpg?w=520 520w, https:\/\/www.artnews.com\/wp-content\/uploads\/2021\/07\/Thomas_PR_01_Breeze.Rustling.Through.Fall_.Flowers.jpg?w=665 665w, https:\/\/www.artnews.com\/wp-content\/uploads\/2021\/07\/Thomas_PR_01_Breeze.Rustling.Through.Fall_.Flowers.jpg?w=887 887w\" alt=\"A series of colorful bands, each with strokes with white between them.\" width=\"498\" height=\"575\" \/><\/p>\n<div class=\"c-gallery-vertical-featured-image__share-icons\" style=\"text-align: center;\">Alma Thomas, <em>Breeze Rustling Through Fall Flowers<\/em>, 1968.<\/div>\n<div class=\"c-gallery-vertical-featured-image__share-icons\" style=\"text-align: center;\"><span class=\"c-gallery-vertical-slide__photo-credit-text\">Photo<\/span><span class=\"c-gallery-vertical-slide__colon\">\u00a0:\u00a0<\/span><span class=\"c-gallery-vertical-slide__photo-credit\">Phillips Collection<\/span><\/div>\n<\/figure>\n<div class=\"c-gallery-vertical-featured-image__description\">\n<p>Back in 2019, when the Museum of <a href=\"https:\/\/www.atelierauction.com\/globalupdates\/\">Modern Art<\/a> in New York reopened after a $450 million renovation, abstractions by Alma Thomas shared space with paintings by Henri Matisse\u2014a sign that even the most august institutions were no longer ignoring her. (As of fall 2021, the museum has removed her work from view, though the Matisses have stayed.) A giant within the history of abstraction, Thomas\u2019s work was the subject of a modest but important exhibition at the Studio Museum in Harlem five years ago, but it wasn\u2019t until 2021 that she got the full-scale survey she has long been in need of. The Columbus Museum in Georgia and the Chrysler Museum of Art in Norfolk, Virginia, significantly expanded many people\u2019s understanding of Thomas\u2019s oeuvre, showing that she did far more than create brilliantly hued abstractions using what she called \u201cAlma\u2019s Stripes.\u201d Curated by Jonathan Frederick Walz and Seth Feman, the show exposed often-unseen sides of her oeuvre, including her job as a teacher in Washington, D.C. and the rarely exhibited clothes she handcrafted.<\/p>\n<\/div>\n<\/article>\n<\/div>\n<div class=\"c-gallery-vertical__slide-wrapper\" data-slide-id=\"1234614277\" data-slide-index=\"2\" data-slide-position-display=\"3\">\n<article class=\"c-gallery-vertical-featured-image\">\n<div class=\"c-gallery-vertical-featured-image__header\">\n<h2 class=\"c-gallery-vertical-featured-image__title\">Koga Harue<\/h2>\n<\/div>\n<figure class=\"c-gallery-vertical-featured-image__figure c-gallery-slide--loaded c-gallery-vertical-featured-image__figure--loaded\" role=\"presentation\"><img loading=\"lazy\" decoding=\"async\" class=\"c-gallery-vertical-featured-image__image u-gallery-react-placeholder-shimmer aligncenter\" src=\"https:\/\/www.artnews.com\/wp-content\/uploads\/2021\/10\/Koga-Harue-Umi-The-Sea.jpg?w=758\" sizes=\"auto, (max-width: 414px) 414px, (max-width: 1024px) 800px, (max-width: 1440px) 970px, (max-width: 2560px) 970px\" srcset=\"https:\/\/www.artnews.com\/wp-content\/uploads\/2021\/10\/Koga-Harue-Umi-The-Sea.jpg?w=303 303w, https:\/\/www.artnews.com\/wp-content\/uploads\/2021\/10\/Koga-Harue-Umi-The-Sea.jpg?w=606 606w, https:\/\/www.artnews.com\/wp-content\/uploads\/2021\/10\/Koga-Harue-Umi-The-Sea.jpg?w=758 758w, https:\/\/www.artnews.com\/wp-content\/uploads\/2021\/10\/Koga-Harue-Umi-The-Sea.jpg?w=970 970w, https:\/\/www.artnews.com\/wp-content\/uploads\/2021\/10\/Koga-Harue-Umi-The-Sea.jpg?w=1200 1200w\" alt=\"A painting featuring a maritime scene with a flattened composition. A slender woman in a bathing suit appears to leap off a staircase while, next to her, machines and fish share space in an ocean with a flattened perspective.\" width=\"726\" height=\"575\" \/><\/p>\n<div class=\"c-gallery-vertical-featured-image__share-icons\" style=\"text-align: center;\">Koga Harue, <em>Umi (The Sea)<\/em>, 1929.<\/div>\n<div class=\"c-gallery-vertical-featured-image__share-icons\" style=\"text-align: center;\"><span class=\"c-gallery-vertical-slide__photo-credit-text\">Photo<\/span><span class=\"c-gallery-vertical-slide__colon\">\u00a0:\u00a0<\/span><span class=\"c-gallery-vertical-slide__photo-credit\">National Museum of Modern Art, Tokyo<\/span><\/div>\n<\/figure>\n<div class=\"c-gallery-vertical-featured-image__description\">\n<p>At the Metropolitan Museum of Art\u2019s show \u201c<a href=\"https:\/\/www.atelierauction.com\/globalupdates\/\">Surrealism Beyond Borders<\/a>\u201d (which is now en route to Tate Modern in London), one artist in particular stood out among the crowd: Koga Harue, a Japanese painter who proffered a style known as\u00a0<em>kikai-shugi<\/em>, or machine-ism. Though he only lived to be 38, Koga emerged as one of Japan\u2019s most important artists during the early 20th century. He advocated for Scientific Surrealism, a tendency that was less dreamlike than what was seen in Europe\u2014and seemingly more objective. In his masterpiece,\u00a0<em>Umi (The Sea)<\/em>, from 1929, a bather standing atop a submarine salutes an ocean filled with fish and gadgetry, as though the boundary between man and machine has totally imploded. Koga was the subject of a retrospective at the Museum of Modern Art, Hayama in Japan back in 2010, but he\u2019s never had a major survey stateside. As our understanding of Surrealism expands, he\u2019s overdue for one in the U.S.<\/p>\n<\/div>\n<\/article>\n<\/div>\n<div class=\"c-gallery-vertical__slide-wrapper\" data-slide-id=\"1234614283\" data-slide-index=\"3\" data-slide-position-display=\"4\">\n<article class=\"c-gallery-vertical-featured-image\">\n<div class=\"c-gallery-vertical-featured-image__header\">\n<h2 class=\"c-gallery-vertical-featured-image__title\">Maria Martins<\/h2>\n<\/div>\n<figure class=\"c-gallery-vertical-featured-image__figure c-gallery-slide--loaded c-gallery-vertical-featured-image__figure--loaded\" role=\"presentation\"><img loading=\"lazy\" decoding=\"async\" class=\"c-gallery-vertical-featured-image__image u-gallery-react-placeholder-shimmer aligncenter\" src=\"https:\/\/www.artnews.com\/wp-content\/uploads\/2021\/12\/O-impossi%CC%81vel-1945.jpg?w=608\" sizes=\"auto, (max-width: 414px) 414px, (max-width: 1024px) 778px, (max-width: 1440px) 778px, (max-width: 2560px) 778px\" srcset=\"https:\/\/www.artnews.com\/wp-content\/uploads\/2021\/12\/O-impossi\u0301vel-1945.jpg?w=243 243w, https:\/\/www.artnews.com\/wp-content\/uploads\/2021\/12\/O-impossi\u0301vel-1945.jpg?w=486 486w, https:\/\/www.artnews.com\/wp-content\/uploads\/2021\/12\/O-impossi\u0301vel-1945.jpg?w=608 608w, https:\/\/www.artnews.com\/wp-content\/uploads\/2021\/12\/O-impossi\u0301vel-1945.jpg?w=778 778w, https:\/\/www.artnews.com\/wp-content\/uploads\/2021\/12\/O-impossi\u0301vel-1945.jpg?w=1038 1038w\" alt=\"A sculpture of two figures whose heads are formed from spikes that appear to intersect. These forms appear to be joining.\" width=\"583\" height=\"575\" \/><\/p>\n<div class=\"c-gallery-vertical-featured-image__share-icons\" style=\"text-align: center;\">Maria Martins, <em>O Imposs\u00edvel<\/em> (The Impossible), 1940s.<\/div>\n<div class=\"c-gallery-vertical-featured-image__share-icons\" style=\"text-align: center;\"><span class=\"c-gallery-vertical-slide__photo-credit-text\">Photo<\/span><span class=\"c-gallery-vertical-slide__colon\">\u00a0:\u00a0<\/span><span class=\"c-gallery-vertical-slide__photo-credit\">Photo Vicente de Mello\/Banco Ita\u00fa, S\u00e3o Paulo<\/span><\/div>\n<\/figure>\n<div class=\"c-gallery-vertical-featured-image__description\">\n<p>One of the more surprising omissions from the Met\u2019s exemplary Surrealism survey was Maria Martins, who redefined sculpture in her home country of Brazil with writhing forms that exuded an overt kind of eroticism. (For that reason, curator Mario Pedrosa once labeled them \u201cobscene.\u201d) Those in Brazil were in luck, however. To tie in with the country\u2019s bicentennial, the Museu de Arte de S\u00e3o Paulo held a group of shows devoted to Brazilian art history under the aegis of its acclaimed \u201cHist\u00f3rias\u201d series, and one was given over to Martins\u2019s work. Martins was well-connected with the American and European art scenes of her day (she was friends with Marcel Duchamp, and likely inspired one of his final works), but this exhibition, curated by Isabel Rjeille, is important because it devotes so much space to the Brazilian aspects of her art, in particular the mythologies and Indigenous traditions she was drawing on.<\/p>\n<\/div>\n<\/article>\n<\/div>\n<div class=\"c-gallery-vertical__slide-wrapper\" data-slide-id=\"1234614288\" data-slide-index=\"4\" data-slide-position-display=\"5\">\n<article class=\"c-gallery-vertical-featured-image\">\n<div class=\"c-gallery-vertical-featured-image__header\">\n<h2 class=\"c-gallery-vertical-featured-image__title\">Maryan<\/h2>\n<\/div>\n<figure class=\"c-gallery-vertical-featured-image__figure c-gallery-slide--loaded c-gallery-vertical-featured-image__figure--loaded\" role=\"presentation\"><img loading=\"lazy\" decoding=\"async\" class=\"c-gallery-vertical-featured-image__image u-gallery-react-placeholder-shimmer aligncenter\" src=\"https:\/\/www.artnews.com\/wp-content\/uploads\/2021\/11\/MARY021.jpg?w=601\" sizes=\"auto, (max-width: 414px) 414px, (max-width: 1024px) 769px, (max-width: 1440px) 769px, (max-width: 2560px) 769px\" srcset=\"https:\/\/www.artnews.com\/wp-content\/uploads\/2021\/11\/MARY021.jpg?w=240 240w, https:\/\/www.artnews.com\/wp-content\/uploads\/2021\/11\/MARY021.jpg?w=481 481w, https:\/\/www.artnews.com\/wp-content\/uploads\/2021\/11\/MARY021.jpg?w=601 601w, https:\/\/www.artnews.com\/wp-content\/uploads\/2021\/11\/MARY021.jpg?w=769 769w, https:\/\/www.artnews.com\/wp-content\/uploads\/2021\/11\/MARY021.jpg?w=1026 1026w\" alt=\"A painting of an abstraccted soldier-like man seated in a box in a vacant space. He appears to vomit onto an ice cream cone.\" width=\"576\" height=\"575\" \/><\/p>\n<div class=\"c-gallery-vertical-featured-image__share-icons\" style=\"text-align: center;\">Maryan, <em>Personnage in a Box<\/em>, 1962.<\/div>\n<div class=\"c-gallery-vertical-featured-image__share-icons\" style=\"text-align: center;\"><span class=\"c-gallery-vertical-slide__photo-credit-text\">Photo<\/span><span class=\"c-gallery-vertical-slide__colon\">\u00a0:\u00a0<\/span><span class=\"c-gallery-vertical-slide__photo-credit\">Courtesy Venus Over Manhattan, New York<\/span><\/div>\n<\/figure>\n<div class=\"c-gallery-vertical-featured-image__description\">\n<p>According to art historiani <a href=\"https:\/\/www.atelierauction.com\/globalupdates\/\">Ziva Amisha-Maisels<\/a>, Maryan may have been the first artist ever to paint the carnage of the Nazis\u2019 concentration camps. That alone would qualify the Polish-born artist as an artist worthy of a deep dive, but there are many other aspects of his life and oeuvre that make him worth noting, including his ties to the postwar French art scene, his use of figuration at a time when it was considered anathema to art-making in some circles, and a film he made during the \u201970s that connects his own experience as Holocaust survivor to the global fight against fascism. Never before had Maryan been the subject of a proper retrospective until Alison M. Gingeras curated one for the Museum of Contemporary Art North Miami this year. The show makes a solid case for writing Maryan into the history of postwar art for good.<\/p>\n<\/div>\n<\/article>\n<\/div>\n<div class=\"c-gallery-vertical__slide-wrapper\" data-slide-id=\"1234614278\" data-slide-index=\"5\" data-slide-position-display=\"6\">\n<article class=\"c-gallery-vertical-featured-image\">\n<div class=\"c-gallery-vertical-featured-image__header\">\n<h2 class=\"c-gallery-vertical-featured-image__title\">Shigeko Kubota<\/h2>\n<\/div>\n<figure class=\"c-gallery-vertical-featured-image__figure c-gallery-slide--loaded c-gallery-vertical-featured-image__figure--loaded\" role=\"presentation\"><img loading=\"lazy\" decoding=\"async\" class=\"c-gallery-vertical-featured-image__image u-gallery-react-placeholder-shimmer aligncenter\" src=\"https:\/\/www.artnews.com\/wp-content\/uploads\/2021\/12\/244_2021_WEB-Press-Site-2000x2000-1.jpg?w=600\" sizes=\"auto, (max-width: 414px) 414px, (max-width: 1024px) 768px, (max-width: 1440px) 768px, (max-width: 2560px) 768px\" srcset=\"https:\/\/www.artnews.com\/wp-content\/uploads\/2021\/12\/244_2021_WEB-Press-Site-2000x2000-1.jpg?w=240 240w, https:\/\/www.artnews.com\/wp-content\/uploads\/2021\/12\/244_2021_WEB-Press-Site-2000x2000-1.jpg?w=480 480w, https:\/\/www.artnews.com\/wp-content\/uploads\/2021\/12\/244_2021_WEB-Press-Site-2000x2000-1.jpg?w=600 600w, https:\/\/www.artnews.com\/wp-content\/uploads\/2021\/12\/244_2021_WEB-Press-Site-2000x2000-1.jpg?w=768 768w, https:\/\/www.artnews.com\/wp-content\/uploads\/2021\/12\/244_2021_WEB-Press-Site-2000x2000-1.jpg?w=1024 1024w\" alt=\"A small TV monitor wrapped with twine. The twine holds a piece of crystal with ink text on it that hides the monitor's image from view.\" width=\"575\" height=\"575\" \/><\/p>\n<div class=\"c-gallery-vertical-featured-image__share-icons\" style=\"text-align: center;\">Shigeko Kubota, <em>Berlin Diary: Thanks to My Ancestors<\/em>, 1981.<\/div>\n<div class=\"c-gallery-vertical-featured-image__share-icons\" style=\"text-align: center;\"><span class=\"c-gallery-vertical-slide__photo-credit-text\">Photo<\/span><span class=\"c-gallery-vertical-slide__colon\">\u00a0:\u00a0<\/span><span class=\"c-gallery-vertical-slide__photo-credit\">\u00a92021 Estate of Shigeko Kubota\/Licensed by VAGA at Artists Rights Society (ARS), New York\/Courtesy Galerie Hubert Winter, Vienna\/Photo Denis Doorly\/Photo \u00a9Museum of Modern Art<\/span><\/div>\n<\/figure>\n<div class=\"c-gallery-vertical-featured-image__description\">\n<p>It\u2019s possible that the trajectory of video art history may not have been the same were it not for <a href=\"https:\/\/www.facebook.com\/AtelierAuctionsg\">Shigeko Kubota<\/a>. During the \u201960s and \u201970s, at a time when most videos were being shown almost exclusively on small monitors, she realized that these moving images need not only be seen on a screen\u2014they could also appear in expansive sculptures meditating on humanity\u2019s relationship to the natural world and her heroes, which included Marcel Duchamp and her husband Nam June Paik. Kubota\u2019s reputation has long paled in comparison to Paik\u2019s, but in 2021, the world finally saw just how important she was. Japanese audiences got the most expansive view of Kubota\u2019s work with a retrospective that is currently touring the country, but New York audiences got a taste, too, in the form of a small but well-rounded survey at the Museum of Modern Art curated by Erica Papernik-Shimizu.<\/p>\n<\/div>\n<\/article>\n<\/div>\n<div class=\"c-gallery-vertical__slide-wrapper\" data-slide-id=\"1234614289\" data-slide-index=\"6\" data-slide-position-display=\"7\">\n<article class=\"c-gallery-vertical-featured-image\">\n<div class=\"c-gallery-vertical-featured-image__header\">\n<h2 class=\"c-gallery-vertical-featured-image__title\">Herv\u00e9 T\u00e9l\u00e9maque<\/h2>\n<\/div>\n<figure class=\"c-gallery-vertical-featured-image__figure c-gallery-slide--loaded c-gallery-vertical-featured-image__figure--loaded\" role=\"presentation\"><img loading=\"lazy\" decoding=\"async\" class=\"c-gallery-vertical-featured-image__image u-gallery-react-placeholder-shimmer aligncenter\" src=\"https:\/\/www.artnews.com\/wp-content\/uploads\/2021\/12\/H2G03729.jpeg?w=800\" sizes=\"auto, (max-width: 414px) 414px, (max-width: 1024px) 800px, (max-width: 1440px) 1024px, (max-width: 2560px) 1024px\" srcset=\"https:\/\/www.artnews.com\/wp-content\/uploads\/2021\/12\/H2G03729.jpeg?w=320 320w, https:\/\/www.artnews.com\/wp-content\/uploads\/2021\/12\/H2G03729.jpeg?w=640 640w, https:\/\/www.artnews.com\/wp-content\/uploads\/2021\/12\/H2G03729.jpeg?w=800 800w, https:\/\/www.artnews.com\/wp-content\/uploads\/2021\/12\/H2G03729.jpeg?w=1024 1024w, https:\/\/www.artnews.com\/wp-content\/uploads\/2021\/12\/H2G03729.jpeg?w=1200 1200w\" alt=\"An expansive figurative painting featuring a traffic light, a soldier, and assorted other objects flying through an orange space.\" width=\"862\" height=\"575\" \/><\/p>\n<div class=\"c-gallery-vertical-featured-image__share-icons\" style=\"text-align: center;\">Herv\u00e9 T\u00e9l\u00e9maque, <em>One of the 36,000 Marines over our Antilles<\/em>, 1965.<\/div>\n<div class=\"c-gallery-vertical-featured-image__share-icons\" style=\"text-align: center;\"><span class=\"c-gallery-vertical-slide__photo-credit-text\">Photo<\/span><span class=\"c-gallery-vertical-slide__colon\">\u00a0:\u00a0<\/span><span class=\"c-gallery-vertical-slide__photo-credit\">Photo Hugo Glendinning<\/span><\/div>\n<\/figure>\n<div class=\"c-gallery-vertical-featured-image__description\">\n<p>It can be shocking just how much art by today\u2019s youngest sensations looks a lot like paintings by Herv\u00e9 T\u00e9l\u00e9maque, who has long been a giant of the French art scene, having lived there since the early \u201960s. Born in Haiti, the 83-year-old artist was given a survey this year at the Serpentine Galleries in London; it may have been only a quarter of the size of his 2015 Centre Pompidou show, but it was no less significant. (The Serpentine\u2019s show was curated by Hans Ulrich Obrist and <a href=\"https:\/\/www.facebook.com\/AtelierAuctionsg\">Joseph Constable<\/a> with Elizabeth de Bertier.) On view at the Serpentine are paintings that evince T\u00e9l\u00e9maque\u2019s flirtations with multiple art movements, including Surrealism and narrative figuration. These visually striking works combine an array of imagery\u2014advertisement-like pictures, portraiture, and semi-abstract elements\u2014and occasionally pay mind to political issues like Haiti\u2019s history of colonialism and the N\u00e9gritude movement.<\/p>\n<\/div>\n<\/article>\n<\/div>\n<div class=\"c-gallery-vertical__slide-wrapper\" data-slide-id=\"1234614273\" data-slide-index=\"7\" data-slide-position-display=\"8\">\n<article class=\"c-gallery-vertical-featured-image\">\n<div class=\"c-gallery-vertical-featured-image__header\">\n<h2 class=\"c-gallery-vertical-featured-image__title\">Heidi Bucher<\/h2>\n<\/div>\n<figure class=\"c-gallery-vertical-featured-image__figure c-gallery-slide--loaded c-gallery-vertical-featured-image__figure--loaded\" role=\"presentation\"><img loading=\"lazy\" decoding=\"async\" class=\"c-gallery-vertical-featured-image__image u-gallery-react-placeholder-shimmer\" src=\"https:\/\/www.artnews.com\/wp-content\/uploads\/2021\/12\/50ee31b1-de36-b000-296b-cb84a3c50926.jpeg?w=800\" sizes=\"auto, (max-width: 414px) 414px, (max-width: 1024px) 800px, (max-width: 1440px) 1000px, (max-width: 2560px) 1000px\" srcset=\"https:\/\/www.artnews.com\/wp-content\/uploads\/2021\/12\/50ee31b1-de36-b000-296b-cb84a3c50926.jpeg?w=320 320w, https:\/\/www.artnews.com\/wp-content\/uploads\/2021\/12\/50ee31b1-de36-b000-296b-cb84a3c50926.jpeg?w=640 640w, https:\/\/www.artnews.com\/wp-content\/uploads\/2021\/12\/50ee31b1-de36-b000-296b-cb84a3c50926.jpeg?w=800 800w, https:\/\/www.artnews.com\/wp-content\/uploads\/2021\/12\/50ee31b1-de36-b000-296b-cb84a3c50926.jpeg?w=1000 1000w, https:\/\/www.artnews.com\/wp-content\/uploads\/2021\/12\/50ee31b1-de36-b000-296b-cb84a3c50926.jpeg?w=1000 1000w\" alt=\"A gallery filled with hanging sculptures resembling casts of architectural elements, such as house walls.\" width=\"862\" height=\"575\" \/><\/p>\n<div class=\"c-gallery-vertical-featured-image__share-icons\" style=\"text-align: center;\">Installation view of &#8220;Heidi Bucher: Metamorphoses,&#8221; 2021, at Haus der Kunst, Munich.<\/div>\n<div class=\"c-gallery-vertical-featured-image__share-icons\" style=\"text-align: center;\"><span class=\"c-gallery-vertical-slide__photo-credit-text\">Photo<\/span><span class=\"c-gallery-vertical-slide__colon\">\u00a0:\u00a0<\/span><span class=\"c-gallery-vertical-slide__photo-credit\">Photo Markus Tretter\/ \u00a9The Estate of Heidi Bucher and Haus der Kunst<\/span><\/div>\n<\/figure>\n<div class=\"c-gallery-vertical-featured-image__description\">\n<p>Momentum surrounding the under-recognized Swiss sculptor Heidi Bucher has been building since 2017, when her work appeared in the main exhibition at the Venice Biennale. A proper showcase for her latex casts of architectural spaces could not have come soon enough, and finally, in 2021, one arrived at the Haus der Kunst in Munich, where 150 of her works were exhibited in a big retrospective curated by Jana Baumann. That show, which is also set to travel to the Kunstmuseum Bern and Muzeum Susch, piquantly highlights Bucher\u2019s interest in the relationship between one\u2019s body and its environment, with certain sculptures hung from high above like flayed skins in a butcher shop.<\/p>\n<\/div>\n<\/article>\n<\/div>\n<div class=\"c-gallery-vertical__slide-wrapper\" data-slide-id=\"1234614275\" data-slide-index=\"8\" data-slide-position-display=\"9\">\n<article class=\"c-gallery-vertical-featured-image\">\n<div class=\"c-gallery-vertical-featured-image__header\">\n<h2 class=\"c-gallery-vertical-featured-image__title\">Karimeh Abbud<\/h2>\n<\/div>\n<figure class=\"c-gallery-vertical-featured-image__figure c-gallery-slide--loaded c-gallery-vertical-featured-image__figure--loaded\" role=\"presentation\"><img loading=\"lazy\" decoding=\"async\" class=\"c-gallery-vertical-featured-image__image u-gallery-react-placeholder-shimmer aligncenter\" src=\"https:\/\/www.artnews.com\/wp-content\/uploads\/2021\/12\/EidH8O2XcAAuYyG-2.jpeg?w=800\" sizes=\"auto, (max-width: 414px) 414px, (max-width: 1024px) 800px, (max-width: 1440px) 1024px, (max-width: 2560px) 1024px\" srcset=\"https:\/\/www.artnews.com\/wp-content\/uploads\/2021\/12\/EidH8O2XcAAuYyG-2.jpeg?w=320 320w, https:\/\/www.artnews.com\/wp-content\/uploads\/2021\/12\/EidH8O2XcAAuYyG-2.jpeg?w=640 640w, https:\/\/www.artnews.com\/wp-content\/uploads\/2021\/12\/EidH8O2XcAAuYyG-2.jpeg?w=800 800w, https:\/\/www.artnews.com\/wp-content\/uploads\/2021\/12\/EidH8O2XcAAuYyG-2.jpeg?w=1024 1024w, https:\/\/www.artnews.com\/wp-content\/uploads\/2021\/12\/EidH8O2XcAAuYyG-2.jpeg?w=1200 1200w\" alt=\"A black-and-white photograph of three Brown women smiling.\" width=\"899\" height=\"575\" \/><\/p>\n<div class=\"c-gallery-vertical-featured-image__share-icons\" style=\"text-align: center;\">Karimeh Abbud, <em>Three Women<\/em>, 1930.<\/div>\n<div class=\"c-gallery-vertical-featured-image__share-icons\" style=\"text-align: center;\"><span class=\"c-gallery-vertical-slide__photo-credit-text\">Photo<\/span><span class=\"c-gallery-vertical-slide__colon\">\u00a0:\u00a0<\/span><span class=\"c-gallery-vertical-slide__photo-credit\">Photo Issam Nassar<\/span><\/div>\n<\/figure>\n<div class=\"c-gallery-vertical-featured-image__description\">\n<p>In the first half of the 20th century, Karimeh Abbud reshaped photography in the Middle East when she became the first woman artist to operate a portrait studio in Palestine. The images she shot\u2014memorable pictures of middle-class Palestinians\u2014contained none of the harmful trappings of Western ethnological photography. Although some believe she was among the first women photographers in the Arabic world, Abbud was barely known at all until the Darat al Funun art space in Ammann, Jordan, staged a show of her photography in 2017. She\u2019s still never had such a major showing in the U.S., although the Metropolitan Museum of Art featured her in its bracing exhibition \u201c<a href=\"https:\/\/www.facebook.com\/AtelierAuctionsg\">The New Woman Behind the Camera<\/a>,\u201d which is now on view at the National Gallery of Art in Washington, D.C.<\/p>\n<\/div>\n<\/article>\n<\/div>\n<div class=\"c-gallery-vertical__slide-wrapper\" data-slide-id=\"1234614280\" data-slide-index=\"9\" data-slide-position-display=\"10\">\n<article class=\"c-gallery-vertical-featured-image\">\n<div class=\"c-gallery-vertical-featured-image__header\">\n<h2 class=\"c-gallery-vertical-featured-image__title\">Yolanda M. L\u00f3pez<\/h2>\n<\/div>\n<figure class=\"c-gallery-vertical-featured-image__figure c-gallery-slide--loaded c-gallery-vertical-featured-image__figure--loaded\" role=\"presentation\"><img loading=\"lazy\" decoding=\"async\" class=\"c-gallery-vertical-featured-image__image u-gallery-react-placeholder-shimmer aligncenter\" src=\"https:\/\/www.artnews.com\/wp-content\/uploads\/2021\/07\/Lopez-2-.jpg?w=442\" sizes=\"auto, (max-width: 414px) 414px, (max-width: 1024px) 566px, (max-width: 1440px) 566px, (max-width: 2560px) 566px\" srcset=\"https:\/\/www.artnews.com\/wp-content\/uploads\/2021\/07\/Lopez-2-.jpg?w=177 177w, https:\/\/www.artnews.com\/wp-content\/uploads\/2021\/07\/Lopez-2-.jpg?w=354 354w, https:\/\/www.artnews.com\/wp-content\/uploads\/2021\/07\/Lopez-2-.jpg?w=442 442w, https:\/\/www.artnews.com\/wp-content\/uploads\/2021\/07\/Lopez-2-.jpg?w=566 566w, https:\/\/www.artnews.com\/wp-content\/uploads\/2021\/07\/Lopez-2-.jpg?w=755 755w\" alt=\"A woman runs over a small angel with red, white, and blue wings while wearing a blue cape decorated with stars and sun rays radiate from behind her.\" width=\"424\" height=\"575\" \/><\/p>\n<div class=\"c-gallery-vertical-featured-image__share-icons\" style=\"text-align: center;\">Yolanda L\u00f3pez, <em>Portrait of the artist as the Virgen of Guadalupe<\/em>, 1978.<\/div>\n<div class=\"c-gallery-vertical-featured-image__share-icons\" style=\"text-align: center;\"><span class=\"c-gallery-vertical-slide__photo-credit-text\">Photo<\/span><span class=\"c-gallery-vertical-slide__colon\">\u00a0:\u00a0<\/span><span class=\"c-gallery-vertical-slide__photo-credit\">Courtesy the artist<\/span><\/div>\n<\/figure>\n<div class=\"c-gallery-vertical-featured-image__description\">\n<p>Mainstream recognition for Yolanda M. L\u00f3pez finally arrived this year, just at the end of a fabulous career. A little more than a month before L\u00f3pez was scheduled to have a show at the Museum of Contemporary Art San Diego in California, the artist died at 79. When that exhibition opened, the public saw what a giant she had been for Chicanas and Latinas, who found empowerment in her feminist paintings of the Virgen de Guadalupe. L\u00f3pez often made it her mission to render women of all generations active figures, and in so doing, she frequently smashed stereotypes. Upon her death, the MCA show\u2019s curator, Jill Dawsey, remarked that L\u00f3pez was \u201cone of the most celebrated figures in the history of Chicano\/a\/x art, even as she was largely ignored by the institutional art world.\u201d No longer can it be said that L\u00f3pez was totally elided from art history.<\/p>\n<\/div>\n<\/article>\n<\/div>\n<\/div>\n<\/div>\n<\/div>\n<p>&nbsp;<\/p>\n<p>&nbsp;<\/p>\n<p>&nbsp;<\/p>\n<p>Source: https:\/\/www.artnews.com\/<\/p>\n","protected":false},"excerpt":{"rendered":"<p>After June 2020, almost every institution made a declaration that they would\u00a0implement\u00a0changes to become more inclusive. Their promises posed an interesting question: What would happen if museums made a priority of showing works by more artists of color and addressing art history\u2019s lacunae? In other words, would what it look like for museums to do [&hellip;]<\/p>\n","protected":false},"author":2,"featured_media":1381,"comment_status":"open","ping_status":"open","sticky":false,"template":"","format":"standard","meta":{"tdm_status":"","tdm_grid_status":"","footnotes":""},"categories":[1],"tags":[],"class_list":{"0":"post-1380","1":"post","2":"type-post","3":"status-publish","4":"format-standard","5":"has-post-thumbnail","7":"category-uncategorized"},"yoast_head":"<!-- This site is optimized with the Yoast SEO plugin v20.9 - https:\/\/yoast.com\/wordpress\/plugins\/seo\/ -->\n<title>10 Under-Recognized Artists Who Got Their Due in 2021 - Investable Art Auctioneer<\/title>\n<meta name=\"description\" content=\"After June 2020, almost every institution made a declaration that they would\u00a0implement\u00a0changes to become more inclusive.\" \/>\n<meta name=\"robots\" content=\"index, follow, max-snippet:-1, max-image-preview:large, max-video-preview:-1\" \/>\n<link rel=\"canonical\" href=\"https:\/\/www.atelierauction.com\/globalupdates\/uncategorized\/10-under-recognized-artists-who-got-their-due-in-2021\/\" \/>\n<meta property=\"og:locale\" content=\"en_US\" \/>\n<meta property=\"og:type\" content=\"article\" \/>\n<meta property=\"og:title\" content=\"10 Under-Recognized Artists Who Got Their Due in 2021 - Investable Art Auctioneer\" \/>\n<meta property=\"og:description\" content=\"After June 2020, almost every institution made a declaration that they would\u00a0implement\u00a0changes to become more inclusive.\" \/>\n<meta property=\"og:url\" content=\"https:\/\/www.atelierauction.com\/globalupdates\/uncategorized\/10-under-recognized-artists-who-got-their-due-in-2021\/\" \/>\n<meta property=\"og:site_name\" content=\"Investable Art Auctioneer\" \/>\n<meta property=\"article:published_time\" content=\"2021-12-31T00:05:12+00:00\" \/>\n<meta property=\"article:modified_time\" content=\"2021-12-29T03:29:50+00:00\" \/>\n<meta property=\"og:image\" content=\"https:\/\/www.atelierauction.com\/globalupdates\/wp-content\/uploads\/2021\/12\/Bestof2021_Rediscoveries.jpeg\" \/>\n\t<meta property=\"og:image:width\" content=\"2500\" \/>\n\t<meta property=\"og:image:height\" content=\"1250\" \/>\n\t<meta property=\"og:image:type\" content=\"image\/jpeg\" \/>\n<meta name=\"author\" content=\"Chloe Nicholls\" \/>\n<meta name=\"twitter:card\" content=\"summary_large_image\" \/>\n<meta name=\"twitter:label1\" content=\"Written by\" \/>\n\t<meta name=\"twitter:data1\" content=\"Chloe Nicholls\" \/>\n\t<meta name=\"twitter:label2\" content=\"Est. reading time\" \/>\n\t<meta name=\"twitter:data2\" content=\"11 minutes\" \/>\n<script type=\"application\/ld+json\" class=\"yoast-schema-graph\">{\"@context\":\"https:\/\/schema.org\",\"@graph\":[{\"@type\":\"WebPage\",\"@id\":\"https:\/\/www.atelierauction.com\/globalupdates\/uncategorized\/10-under-recognized-artists-who-got-their-due-in-2021\/\",\"url\":\"https:\/\/www.atelierauction.com\/globalupdates\/uncategorized\/10-under-recognized-artists-who-got-their-due-in-2021\/\",\"name\":\"10 Under-Recognized Artists Who Got Their Due in 2021 - Investable Art Auctioneer\",\"isPartOf\":{\"@id\":\"https:\/\/www.atelierauction.com\/globalupdates\/#website\"},\"datePublished\":\"2021-12-31T00:05:12+00:00\",\"dateModified\":\"2021-12-29T03:29:50+00:00\",\"author\":{\"@id\":\"https:\/\/www.atelierauction.com\/globalupdates\/#\/schema\/person\/8970f67f73afbf7d021dbf09ccb32744\"},\"description\":\"After June 2020, almost every institution made a declaration that they would\u00a0implement\u00a0changes to become more inclusive.\",\"breadcrumb\":{\"@id\":\"https:\/\/www.atelierauction.com\/globalupdates\/uncategorized\/10-under-recognized-artists-who-got-their-due-in-2021\/#breadcrumb\"},\"inLanguage\":\"en-US\",\"potentialAction\":[{\"@type\":\"ReadAction\",\"target\":[\"https:\/\/www.atelierauction.com\/globalupdates\/uncategorized\/10-under-recognized-artists-who-got-their-due-in-2021\/\"]}]},{\"@type\":\"BreadcrumbList\",\"@id\":\"https:\/\/www.atelierauction.com\/globalupdates\/uncategorized\/10-under-recognized-artists-who-got-their-due-in-2021\/#breadcrumb\",\"itemListElement\":[{\"@type\":\"ListItem\",\"position\":1,\"name\":\"Home\",\"item\":\"https:\/\/www.atelierauction.com\/globalupdates\/\"},{\"@type\":\"ListItem\",\"position\":2,\"name\":\"10 Under-Recognized Artists Who Got Their Due in 2021\"}]},{\"@type\":\"WebSite\",\"@id\":\"https:\/\/www.atelierauction.com\/globalupdates\/#website\",\"url\":\"https:\/\/www.atelierauction.com\/globalupdates\/\",\"name\":\"Investable Art Auctioneer\",\"description\":\"Atelier Auction\",\"potentialAction\":[{\"@type\":\"SearchAction\",\"target\":{\"@type\":\"EntryPoint\",\"urlTemplate\":\"https:\/\/www.atelierauction.com\/globalupdates\/?s={search_term_string}\"},\"query-input\":\"required name=search_term_string\"}],\"inLanguage\":\"en-US\"},{\"@type\":\"Person\",\"@id\":\"https:\/\/www.atelierauction.com\/globalupdates\/#\/schema\/person\/8970f67f73afbf7d021dbf09ccb32744\",\"name\":\"Chloe Nicholls\",\"image\":{\"@type\":\"ImageObject\",\"inLanguage\":\"en-US\",\"@id\":\"https:\/\/www.atelierauction.com\/globalupdates\/#\/schema\/person\/image\/\",\"url\":\"https:\/\/secure.gravatar.com\/avatar\/17de1bd86f8b21c51e6105f410fd264e72dda3abc6429dc91326e1a0ab2c365c?s=96&d=mm&r=g\",\"contentUrl\":\"https:\/\/secure.gravatar.com\/avatar\/17de1bd86f8b21c51e6105f410fd264e72dda3abc6429dc91326e1a0ab2c365c?s=96&d=mm&r=g\",\"caption\":\"Chloe Nicholls\"},\"url\":\"https:\/\/www.atelierauction.com\/globalupdates\/author\/chloe-nicholls\/\"}]}<\/script>\n<!-- \/ Yoast SEO plugin. -->","yoast_head_json":{"title":"10 Under-Recognized Artists Who Got Their Due in 2021 - Investable Art Auctioneer","description":"After June 2020, almost every institution made a declaration that they would\u00a0implement\u00a0changes to become more inclusive.","robots":{"index":"index","follow":"follow","max-snippet":"max-snippet:-1","max-image-preview":"max-image-preview:large","max-video-preview":"max-video-preview:-1"},"canonical":"https:\/\/www.atelierauction.com\/globalupdates\/uncategorized\/10-under-recognized-artists-who-got-their-due-in-2021\/","og_locale":"en_US","og_type":"article","og_title":"10 Under-Recognized Artists Who Got Their Due in 2021 - Investable Art Auctioneer","og_description":"After June 2020, almost every institution made a declaration that they would\u00a0implement\u00a0changes to become more inclusive.","og_url":"https:\/\/www.atelierauction.com\/globalupdates\/uncategorized\/10-under-recognized-artists-who-got-their-due-in-2021\/","og_site_name":"Investable Art Auctioneer","article_published_time":"2021-12-31T00:05:12+00:00","article_modified_time":"2021-12-29T03:29:50+00:00","og_image":[{"width":2500,"height":1250,"url":"https:\/\/www.atelierauction.com\/globalupdates\/wp-content\/uploads\/2021\/12\/Bestof2021_Rediscoveries.jpeg","type":"image\/jpeg"}],"author":"Chloe Nicholls","twitter_card":"summary_large_image","twitter_misc":{"Written by":"Chloe Nicholls","Est. reading time":"11 minutes"},"schema":{"@context":"https:\/\/schema.org","@graph":[{"@type":"WebPage","@id":"https:\/\/www.atelierauction.com\/globalupdates\/uncategorized\/10-under-recognized-artists-who-got-their-due-in-2021\/","url":"https:\/\/www.atelierauction.com\/globalupdates\/uncategorized\/10-under-recognized-artists-who-got-their-due-in-2021\/","name":"10 Under-Recognized Artists Who Got Their Due in 2021 - Investable Art Auctioneer","isPartOf":{"@id":"https:\/\/www.atelierauction.com\/globalupdates\/#website"},"datePublished":"2021-12-31T00:05:12+00:00","dateModified":"2021-12-29T03:29:50+00:00","author":{"@id":"https:\/\/www.atelierauction.com\/globalupdates\/#\/schema\/person\/8970f67f73afbf7d021dbf09ccb32744"},"description":"After June 2020, almost every institution made a declaration that they would\u00a0implement\u00a0changes to become more inclusive.","breadcrumb":{"@id":"https:\/\/www.atelierauction.com\/globalupdates\/uncategorized\/10-under-recognized-artists-who-got-their-due-in-2021\/#breadcrumb"},"inLanguage":"en-US","potentialAction":[{"@type":"ReadAction","target":["https:\/\/www.atelierauction.com\/globalupdates\/uncategorized\/10-under-recognized-artists-who-got-their-due-in-2021\/"]}]},{"@type":"BreadcrumbList","@id":"https:\/\/www.atelierauction.com\/globalupdates\/uncategorized\/10-under-recognized-artists-who-got-their-due-in-2021\/#breadcrumb","itemListElement":[{"@type":"ListItem","position":1,"name":"Home","item":"https:\/\/www.atelierauction.com\/globalupdates\/"},{"@type":"ListItem","position":2,"name":"10 Under-Recognized Artists Who Got Their Due in 2021"}]},{"@type":"WebSite","@id":"https:\/\/www.atelierauction.com\/globalupdates\/#website","url":"https:\/\/www.atelierauction.com\/globalupdates\/","name":"Investable Art Auctioneer","description":"Atelier Auction","potentialAction":[{"@type":"SearchAction","target":{"@type":"EntryPoint","urlTemplate":"https:\/\/www.atelierauction.com\/globalupdates\/?s={search_term_string}"},"query-input":"required name=search_term_string"}],"inLanguage":"en-US"},{"@type":"Person","@id":"https:\/\/www.atelierauction.com\/globalupdates\/#\/schema\/person\/8970f67f73afbf7d021dbf09ccb32744","name":"Chloe Nicholls","image":{"@type":"ImageObject","inLanguage":"en-US","@id":"https:\/\/www.atelierauction.com\/globalupdates\/#\/schema\/person\/image\/","url":"https:\/\/secure.gravatar.com\/avatar\/17de1bd86f8b21c51e6105f410fd264e72dda3abc6429dc91326e1a0ab2c365c?s=96&d=mm&r=g","contentUrl":"https:\/\/secure.gravatar.com\/avatar\/17de1bd86f8b21c51e6105f410fd264e72dda3abc6429dc91326e1a0ab2c365c?s=96&d=mm&r=g","caption":"Chloe Nicholls"},"url":"https:\/\/www.atelierauction.com\/globalupdates\/author\/chloe-nicholls\/"}]}},"_links":{"self":[{"href":"https:\/\/www.atelierauction.com\/globalupdates\/wp-json\/wp\/v2\/posts\/1380","targetHints":{"allow":["GET"]}}],"collection":[{"href":"https:\/\/www.atelierauction.com\/globalupdates\/wp-json\/wp\/v2\/posts"}],"about":[{"href":"https:\/\/www.atelierauction.com\/globalupdates\/wp-json\/wp\/v2\/types\/post"}],"author":[{"embeddable":true,"href":"https:\/\/www.atelierauction.com\/globalupdates\/wp-json\/wp\/v2\/users\/2"}],"replies":[{"embeddable":true,"href":"https:\/\/www.atelierauction.com\/globalupdates\/wp-json\/wp\/v2\/comments?post=1380"}],"version-history":[{"count":1,"href":"https:\/\/www.atelierauction.com\/globalupdates\/wp-json\/wp\/v2\/posts\/1380\/revisions"}],"predecessor-version":[{"id":1382,"href":"https:\/\/www.atelierauction.com\/globalupdates\/wp-json\/wp\/v2\/posts\/1380\/revisions\/1382"}],"wp:featuredmedia":[{"embeddable":true,"href":"https:\/\/www.atelierauction.com\/globalupdates\/wp-json\/wp\/v2\/media\/1381"}],"wp:attachment":[{"href":"https:\/\/www.atelierauction.com\/globalupdates\/wp-json\/wp\/v2\/media?parent=1380"}],"wp:term":[{"taxonomy":"category","embeddable":true,"href":"https:\/\/www.atelierauction.com\/globalupdates\/wp-json\/wp\/v2\/categories?post=1380"},{"taxonomy":"post_tag","embeddable":true,"href":"https:\/\/www.atelierauction.com\/globalupdates\/wp-json\/wp\/v2\/tags?post=1380"}],"curies":[{"name":"wp","href":"https:\/\/api.w.org\/{rel}","templated":true}]}}